{"id":3043,"date":"2024-11-08T10:19:11","date_gmt":"2024-11-08T09:19:11","guid":{"rendered":"https:\/\/kik.edu.pl\/aktualnosci\/?p=3043"},"modified":"2024-12-10T07:36:30","modified_gmt":"2024-12-10T06:36:30","slug":"ponowne-zatrudnienie-pracownika-po-przejsciu-na-emeryture","status":"publish","type":"post","link":"https:\/\/kik.edu.pl\/aktualnosci\/ponowne-zatrudnienie-pracownika-po-przejsciu-na-emeryture\/","title":{"rendered":"Ponowne zatrudnienie pracownika po przej\u015bciu na emerytur\u0119"},"content":{"rendered":"\n<p>W obliczu zmieniaj\u0105cej si\u0119 struktury demograficznej w Polsce, temat zatrudniania emeryt\u00f3w staje si\u0119 coraz bardziej aktualny. Wzrost liczby os\u00f3b w wieku emerytalnym, jednocze\u015bnie w obliczu malej\u0105cego przyrostu naturalnego, wymusza na pracodawcach dostosowanie polityk kadrowych do nowych reali\u00f3w rynku pracy. W\u0142a\u015bciwe podej\u015bcie kadrowych do tematu ponownego zatrudnienia emeryt\u00f3w z pewno\u015bci\u0105 przyczyni si\u0119 do stworzenia bardziej zr\u00f3\u017cnicowanego i efektywnego zespo\u0142u, kt\u00f3ry b\u0119dzie w stanie sprosta\u0107 wyzwaniom wsp\u00f3\u0142czesnego rynku pracy. Warto wi\u0119c, aby kadrowe poszerza\u0142y swoj\u0105 wiedz\u0119 na temat specyficznych potrzeb tej grupy pracownik\u00f3w, co pozwoli na skuteczne zarz\u0105dzanie procesami zatrudnienia i utrzymania emeryt\u00f3w w firmie. Jak wygl\u0105da ponowne zatrudnienie pracownika po przej\u015bciu na emerytur\u0119?<\/p>\n\n\n\n<h2 class=\"wp-block-heading\">Prawne aspekty ponownego zatrudnienia emeryt\u00f3w<\/h2>\n\n\n\n<p>Zatrudnienie emeryt\u00f3w wi\u0105\u017ce si\u0119 z szeregiem regulacji prawnych, kt\u00f3re nale\u017cy uwzgl\u0119dni\u0107. Przede wszystkim, osoba, kt\u00f3ra przesz\u0142a na emerytur\u0119, <strong>musi rozwi\u0105za\u0107 stosunek pracy na przynajmniej jeden dzie\u0144 przed ponownym zatrudnieniem<\/strong>. Oznacza to, \u017ce praca po zako\u0144czeniu kariery zawodowej nie mo\u017ce by\u0107 kontynuowana bez przerwy.<\/p>\n\n\n\n<p>Dodatkowo, emeryci, kt\u00f3rzy s\u0105 ponownie zatrudniani, musz\u0105 by\u0107 \u015bwiadomi ogranicze\u0144 dotycz\u0105cych um\u00f3w na czas okre\u015blony. Przepisy stanowi\u0105, \u017ce<strong> maksymalny czas trwania takich um\u00f3w wynosi 33 miesi\u0105ce, <\/strong>a pracodawca mo\u017ce zawrze\u0107 najwy\u017cej trzy umowy na czas okre\u015blony z t\u0105 sam\u0105 osob\u0105. Te ograniczenia maj\u0105 na celu stabilizacj\u0119 zatrudnienia i ochron\u0119 pracownik\u00f3w przed nadmiern\u0105 niestabilno\u015bci\u0105.<\/p>\n\n\n\n<blockquote class=\"wp-block-quote is-layout-flow wp-block-quote-is-layout-flow\">\n<p><a href=\"https:\/\/kik.edu.pl\/kursy\/132\" title=\"\"><em>NIE POZOSTAWAJ W TYLE I B\u0104D\u0179 NA BIE\u017b\u0104CO Z OBOWI\u0104ZUJ\u0104CYMI PRZEPISAMI. WYBIERZ \u201eKURS ONLINE NA SPECJALIST\u0118 DS. KADR\u201d!<\/em><\/a><\/p>\n<\/blockquote>\n\n\n\n<h2 class=\"wp-block-heading\">Okres wypowiedzenia i szczeg\u00f3lne warunki umowy<\/h2>\n\n\n\n<p>Okres wypowiedzenia dla pracownik\u00f3w emerytowanych, kt\u00f3rzy zostali ponownie zatrudnieni, <strong>nie r\u00f3\u017cni si\u0119 od standardowych przepis\u00f3w obowi\u0105zuj\u0105cych w Polsce.<\/strong> W przypadku umowy na czas nieokre\u015blony wynosi on <strong>od dw\u00f3ch tygodni do trzech miesi\u0119cy<\/strong>, w zale\u017cno\u015bci od sta\u017cu pracy. Istnieje mo\u017cliwo\u015b\u0107 przed\u0142u\u017cenia umowy w wyj\u0105tkowych okoliczno\u015bciach, co mo\u017ce by\u0107 korzystne w sytuacji, gdy pracownik wykazuje wysok\u0105 efektywno\u015b\u0107 i przynosi warto\u015b\u0107 dodan\u0105 do zespo\u0142u. Sprawd\u017a tak\u017ce, <a href=\"https:\/\/kik.edu.pl\/aktualnosci\/ponowne-zatrudnienie-pracownika-u-tego-samego-pracodawcy-pytania-i-odpowiedzi\/\">co kadrowa powinna wiedzie\u0107 o ponownym zatrudnieniu pracownika u tego samego pracodawcy.<\/a><\/p>\n\n\n\n<h2 class=\"wp-block-heading\">Zatrudnienie a \u015bwiadczenia emerytalne<\/h2>\n\n\n\n<p>Ponowne zatrudnienie pracownika po przej\u015bciu na emerytur\u0119 ma wp\u0142yw na \u015bwiadczenia emerytalne. W przypadku ponownego podj\u0119cia pracy<strong> emeryt nie traci prawa do \u015bwiadczenia emerytalnego<\/strong>, ale wysoko\u015b\u0107 jego emerytury mo\u017ce by\u0107 <strong>zredukowana<\/strong> w wyniku podj\u0119cia nowych obowi\u0105zk\u00f3w. Pracownik musi r\u00f3wnie\u017c <strong>zg\u0142osi\u0107 ponowne zatrudnienie<\/strong> do Zak\u0142adu Ubezpiecze\u0144 Spo\u0142ecznych (ZUS), aby unikn\u0105\u0107 problem\u00f3w z wyp\u0142at\u0105 \u015bwiadcze\u0144. ZUS mo\u017ce wymaga\u0107 dodatkowych formalno\u015bci, kt\u00f3re nale\u017cy spe\u0142ni\u0107, aby zachowa\u0107 prawo do emerytury.<\/p>\n\n\n\n<h2 class=\"wp-block-heading\">Korzy\u015bci z zatrudniania emeryt\u00f3w dla przedsi\u0119biorc\u00f3w<\/h2>\n\n\n\n<p>Ponowne zatrudnienie emeryt\u00f3w niesie ze sob\u0105 wiele korzy\u015bci, zar\u00f3wno dla pracodawc\u00f3w, jak i dla samych pracownik\u00f3w. Pracodawcy<strong> zyskuj\u0105 pracownik\u00f3w z du\u017cym do\u015bwiadczeniem, <\/strong>kt\u00f3rzy cz\u0119sto maj\u0105 rozbudowane sieci kontakt\u00f3w i mog\u0105 wnie\u015b\u0107 cenn\u0105 wiedz\u0119 do firmy. Emeryci cz\u0119sto charakteryzuj\u0105 si\u0119 <strong>wi\u0119ksz\u0105 elastyczno\u015bci\u0105 i gotowo\u015bci\u0105 do pracy w r\u00f3\u017cnych warunkach<\/strong>, co jest istotne w dzisiejszym, zmieniaj\u0105cym si\u0119 \u015brodowisku pracy.<\/p>\n\n\n\n<figure class=\"wp-block-image size-large\"><img loading=\"lazy\" decoding=\"async\" width=\"1024\" height=\"683\" src=\"https:\/\/kik.edu.pl\/aktualnosci\/wp-content\/uploads\/2024\/11\/ponowne-zatrudnienie-pracownika-po-przejsciu-na-emeryture-1024x683.jpg\" alt=\"ponowne-zatrudnienie-pracownika-po-przejsciu-na-emeryture\" class=\"wp-image-3045\" srcset=\"https:\/\/kik.edu.pl\/aktualnosci\/wp-content\/uploads\/2024\/11\/ponowne-zatrudnienie-pracownika-po-przejsciu-na-emeryture-1024x683.jpg 1024w, https:\/\/kik.edu.pl\/aktualnosci\/wp-content\/uploads\/2024\/11\/ponowne-zatrudnienie-pracownika-po-przejsciu-na-emeryture-300x200.jpg 300w, https:\/\/kik.edu.pl\/aktualnosci\/wp-content\/uploads\/2024\/11\/ponowne-zatrudnienie-pracownika-po-przejsciu-na-emeryture-768x512.jpg 768w, https:\/\/kik.edu.pl\/aktualnosci\/wp-content\/uploads\/2024\/11\/ponowne-zatrudnienie-pracownika-po-przejsciu-na-emeryture-1536x1024.jpg 1536w, https:\/\/kik.edu.pl\/aktualnosci\/wp-content\/uploads\/2024\/11\/ponowne-zatrudnienie-pracownika-po-przejsciu-na-emeryture-2048x1365.jpg 2048w, https:\/\/kik.edu.pl\/aktualnosci\/wp-content\/uploads\/2024\/11\/ponowne-zatrudnienie-pracownika-po-przejsciu-na-emeryture-696x464.jpg 696w, https:\/\/kik.edu.pl\/aktualnosci\/wp-content\/uploads\/2024\/11\/ponowne-zatrudnienie-pracownika-po-przejsciu-na-emeryture-1068x712.jpg 1068w, https:\/\/kik.edu.pl\/aktualnosci\/wp-content\/uploads\/2024\/11\/ponowne-zatrudnienie-pracownika-po-przejsciu-na-emeryture-630x420.jpg 630w\" sizes=\"auto, (max-width: 1024px) 100vw, 1024px\" \/><\/figure>\n\n\n\n<p>Dla takich os\u00f3b praca po przej\u015bciu na emerytur\u0119 mo\u017ce by\u0107 form\u0105 aktywno\u015bci, kt\u00f3ra pozwala na <strong>dalszy rozw\u00f3j osobisty oraz finansowe wsparcie.<\/strong> Wielu emeryt\u00f3w odnajduje satysfakcj\u0119 w przekazywaniu swojej wiedzy m\u0142odszym pokoleniom oraz w dalszym uczestniczeniu w \u017cyciu zawodowym.<\/p>\n\n\n\n<h2 class=\"wp-block-heading\">Promocja kursu online na specjalist\u0119 ds. kadr<\/h2>\n\n\n\n<p>W obliczu coraz bardziej skomplikowanych regulacji prawnych zwi\u0105zanych z zatrudnieniem emeryt\u00f3w, warto zainwestowa\u0107 w rozw\u00f3j zawodowy w obszarze kadr. \u201d<a href=\"https:\/\/kik.edu.pl\/kursy\/132\" title=\"\">Kurs online na specjalist\u0119 ds. kadr<\/a>&#8221; dost\u0119pny na stronie kik.edu.pl to doskona\u0142a okazja, aby zdoby\u0107 <strong>niezb\u0119dn\u0105 wiedz\u0119 i umiej\u0119tno\u015bci w zakresie zarz\u0105dzania kadrami, <\/strong>w tym w kontek\u015bcie zatrudniania emeryt\u00f3w. Krajowa Izba Ksi\u0119gowych, jako instytucja akredytowana, zapewnia swoim absolwentom dokumentacj\u0119 zgodn\u0105 z wymogami MEiN i za\u015bwiadczenie uko\u0144czenia kszta\u0142cenia. Kursy prowadzone przez Krajow\u0105 Izb\u0119 Ksi\u0119gow\u0105 <strong>s\u0105 aktualizowane na bie\u017c\u0105co<\/strong>, co pozwala na dostosowanie tre\u015bci do zmieniaj\u0105cego si\u0119 otoczenia prawnego.<\/p>\n\n\n\n<h2 class=\"wp-block-heading\">Wa\u017cne aspekty dla kadrowych i szansa na rozw\u00f3j kariery<\/h2>\n\n\n\n<p>Zatrudnianie emeryt\u00f3w to temat, kt\u00f3ry zyskuje na znaczeniu w obliczu zmieniaj\u0105cej si\u0119 demografii i potrzeb rynku pracy. Kadrowe powinny zrozumie\u0107 prawne aspekty ponownego zatrudnienia oraz korzy\u015bci, jakie niesie ze sob\u0105 wsp\u00f3\u0142praca z do\u015bwiadczonymi pracownikami. Uczestnictwo w kursie Specjalista ds. Kadr online to doskona\u0142y krok w kierunku zdobycia wiedzy, kt\u00f3ra <strong>u\u0142atwi zarz\u0105dzanie kadrami w zgodzie z obowi\u0105zuj\u0105cymi przepisami.<\/strong><\/p>\n\n\n\n<p>Zach\u0119camy do zapisania si\u0119 na kurs, aby przygotowa\u0107 si\u0119 na wyzwania zwi\u0105zane z zatrudnianiem emeryt\u00f3w i lepiej zrozumie\u0107 aspekty prawne, kt\u00f3re mog\u0105 mie\u0107 wp\u0142yw na rozw\u00f3j Twojej kariery zawodowej.<\/p>\n","protected":false},"excerpt":{"rendered":"<p>W obliczu zmieniaj\u0105cej si\u0119 struktury demograficznej w Polsce, temat zatrudniania emeryt\u00f3w staje si\u0119 coraz bardziej aktualny. Wzrost liczby os\u00f3b w wieku emerytalnym, jednocze\u015bnie w obliczu malej\u0105cego przyrostu naturalnego, wymusza na pracodawcach dostosowanie polityk kadrowych do nowych reali\u00f3w rynku pracy. W\u0142a\u015bciwe podej\u015bcie kadrowych do tematu ponownego zatrudnienia emeryt\u00f3w z pewno\u015bci\u0105 przyczyni si\u0119 do stworzenia bardziej zr\u00f3\u017cnicowanego [&hellip;]<\/p>\n","protected":false},"author":9,"featured_media":3046,"comment_status":"closed","ping_status":"closed","sticky":false,"template":"","format":"standard","meta":{"footnotes":""},"categories":[3370],"tags":[],"class_list":["post-3043","post","type-post","status-publish","format-standard","has-post-thumbnail","hentry","category-kadry-i-place"],"aioseo_notices":[],"_links":{"self":[{"href":"https:\/\/kik.edu.pl\/aktualnosci\/wp-json\/wp\/v2\/posts\/3043","targetHints":{"allow":["GET"]}}],"collection":[{"href":"https:\/\/kik.edu.pl\/aktualnosci\/wp-json\/wp\/v2\/posts"}],"about":[{"href":"https:\/\/kik.edu.pl\/aktualnosci\/wp-json\/wp\/v2\/types\/post"}],"author":[{"embeddable":true,"href":"https:\/\/kik.edu.pl\/aktualnosci\/wp-json\/wp\/v2\/users\/9"}],"replies":[{"embeddable":true,"href":"https:\/\/kik.edu.pl\/aktualnosci\/wp-json\/wp\/v2\/comments?post=3043"}],"version-history":[{"count":2,"href":"https:\/\/kik.edu.pl\/aktualnosci\/wp-json\/wp\/v2\/posts\/3043\/revisions"}],"predecessor-version":[{"id":3074,"href":"https:\/\/kik.edu.pl\/aktualnosci\/wp-json\/wp\/v2\/posts\/3043\/revisions\/3074"}],"wp:featuredmedia":[{"embeddable":true,"href":"https:\/\/kik.edu.pl\/aktualnosci\/wp-json\/wp\/v2\/media\/3046"}],"wp:attachment":[{"href":"https:\/\/kik.edu.pl\/aktualnosci\/wp-json\/wp\/v2\/media?parent=3043"}],"wp:term":[{"taxonomy":"category","embeddable":true,"href":"https:\/\/kik.edu.pl\/aktualnosci\/wp-json\/wp\/v2\/categories?post=3043"},{"taxonomy":"post_tag","embeddable":true,"href":"https:\/\/kik.edu.pl\/aktualnosci\/wp-json\/wp\/v2\/tags?post=3043"}],"curies":[{"name":"wp","href":"https:\/\/api.w.org\/{rel}","templated":true}]}}