{"id":2797,"date":"2024-08-12T13:01:07","date_gmt":"2024-08-12T11:01:07","guid":{"rendered":"https:\/\/kik.edu.pl\/aktualnosci\/?p=2797"},"modified":"2025-05-08T13:49:31","modified_gmt":"2025-05-08T11:49:31","slug":"waznosc-orzeczen-o-niepelnosprawnosci-2024-czy-zostanie-wydluzona","status":"publish","type":"post","link":"https:\/\/kik.edu.pl\/aktualnosci\/waznosc-orzeczen-o-niepelnosprawnosci-2024-czy-zostanie-wydluzona\/","title":{"rendered":"Wa\u017cno\u015b\u0107 orzecze\u0144 o niepe\u0142nosprawno\u015bci 2024. Czy zostanie wyd\u0142u\u017cona?"},"content":{"rendered":"\n<p>Zatrudnianie os\u00f3b z niepe\u0142nosprawno\u015bciami przynosi szereg korzy\u015bci zar\u00f3wno dla samych zainteresowanych, jak i pracodawc\u00f3w. Aby jednak takie osoby mog\u0142y korzysta\u0107 z r\u00f3\u017cnych \u015bwiadcze\u0144 i ulg, a pracodawcy bra\u0107 udzia\u0142 w specjalnych programach, kluczowa jest wa\u017cno\u015b\u0107 orzecze\u0144 o niepe\u0142nosprawno\u015bci.&nbsp;<\/p>\n\n\n\n<p>2024 rok przynosi pod tym wzgl\u0119dem pewne udogodnienia i mo\u017ce znacznie u\u0142atwi\u0107 organizacj\u0119 zar\u00f3wno w kwestii zatrudnienia, rozliczania pracy, jak i pobierania \u015bwiadcze\u0144. Osoby te nie b\u0119d\u0105 musia\u0142y martwi\u0107 si\u0119, czy komisje zd\u0105\u017c\u0105 przed\u0142u\u017cy\u0107 dotychczasowy status przed utrat\u0105 prawa do udogodnie\u0144, \u015bwiadcze\u0144 czy zni\u017cek. Planowane wyd\u0142u\u017cenie wa\u017cno\u015bci orzecze\u0144 usprawni te\u017c prac\u0119 organ\u00f3w. Sprawd\u017a, co ulegnie zmianie.<\/p>\n\n\n\n<h2 class=\"wp-block-heading\">Wa\u017cno\u015b\u0107 orzecze\u0144 o niepe\u0142nosprawno\u015bci \u2013 czego dotyczy problem?<\/h2>\n\n\n\n<p>Osoby z niepe\u0142nosprawno\u015bciami na podstawie uzyskiwanego orzeczenia mog\u0105 ubiega\u0107 si\u0119 w r\u00f3\u017cnych instytucjach, urz\u0119dach czy zak\u0142adach pracy o stosowne zni\u017cki, \u015bwiadczenia i ulgi. Jednak nawet <strong>pomimo trwa\u0142ej niepe\u0142nosprawno\u015bci takie orzeczenia wydawane s\u0105 na czas okre\u015blony<\/strong>. Po jego up\u0142ywie konieczne jest ponowne zg\u0142oszenie si\u0119 o przed\u0142u\u017cenie i tym samym dalsza mo\u017cliwo\u015b\u0107 korzystania z licznych udogodnie\u0144.<\/p>\n\n\n\n<p>Niestety wydajno\u015b\u0107 organ\u00f3w pa\u0144stwowych, jak i inne czynniki cz\u0119sto powoduj\u0105, \u017ce nast\u0119pne orzeczenie nie zostaje wydane na czas. W zwi\u0105zku z tym <strong>osoby z niepe\u0142nosprawno\u015bciami czasowo trac\u0105 prawo do korzystania ze \u015bwiadcze\u0144 czy zni\u017cek<\/strong>. To szczeg\u00f3lnie k\u0142opotliwe, gdy s\u0105 zatrudnione w ramach specjalnych program\u00f3w czy korzystaj\u0105 z rz\u0105dowych ulg. <strong>K\u0142opoty powstaj\u0105 w\u00f3wczas tak\u017ce przy rozliczeniach stosunku zawodowego.<\/strong><\/p>\n\n\n\n<p>Na szcz\u0119\u015bcie problem ten zosta\u0142 dostrze\u017cony i 16 lipca 2024 roku Rada Ministr\u00f3w przyj\u0119\u0142a projekt nowelizacji ustawy o rehabilitacji zawodowej i spo\u0142ecznej oraz zatrudnianiu os\u00f3b z niepe\u0142nosprawno\u015bciami. Nowe przepisy znacznie u\u0142atwi\u0105 zar\u00f3wno funkcjonowanie niepe\u0142nosprawnych, jak i prowadzenie kwestii kadrowych<strong>.<\/strong><\/p>\n\n\n\n<blockquote class=\"wp-block-quote is-layout-flow wp-block-quote-is-layout-flow\">\n<p><a href=\"https:\/\/kik.edu.pl\/kursy\/176\">ZDOB\u0104D\u0179 CENN\u0104 WIEDZ\u0118 ZWI\u0104ZAN\u0104 Z ROZLICZANIEM KADR. WYBIERZ \u201eKURS SPECJALISTY DS. KADR I P\u0141AC ONLINE\u201d!<\/a><\/p>\n<\/blockquote>\n\n\n\n<h2 class=\"wp-block-heading\">Wa\u017cno\u015b\u0107 orzecze\u0144 o niepe\u0142nosprawno\u015bci 2024 \u2013 jakie zmiany wejd\u0105 w \u017cycie?<\/h2>\n\n\n\n<p>Zgodnie z nowymi przepisami <strong>wa\u017cno\u015b\u0107 orzeczenia o niepe\u0142nosprawno\u015bci zostanie wyd\u0142u\u017cona<\/strong>, co korzystnie wp\u0142ynie tak\u017ce na zatrudnianie takich os\u00f3b. Mo\u017cliwe b\u0119dzie <strong>utrzymanie statusu osoby z niepe\u0142nosprawno\u015bci\u0105 przez okres oczekiwania na wydanie nowego orzeczenia<\/strong>. Z\u0142agodzi to skutki up\u0142ywu terminu wa\u017cno\u015bci tego dokumentu, kt\u00f3ry przypada na 30 wrze\u015bnia 2024 roku. Obecne orzeczenia zachowaj\u0105 wa\u017cno\u015b\u0107 maksymalnie do ostatniego dnia 6. miesi\u0105ca, kt\u00f3ry nast\u0119puje po dacie b\u0119d\u0105cej terminem wa\u017cno\u015bci.<\/p>\n\n\n\n<figure class=\"wp-block-image size-large\"><img loading=\"lazy\" decoding=\"async\" width=\"1024\" height=\"683\" src=\"https:\/\/kik.edu.pl\/aktualnosci\/wp-content\/uploads\/2024\/08\/waznosc-orzeczen-o-niepelnosprawnosci-2024-1024x683.jpg\" alt=\"waznosc-orzeczen-o-niepelnosprawnosci-2024\" class=\"wp-image-2798\" srcset=\"https:\/\/kik.edu.pl\/aktualnosci\/wp-content\/uploads\/2024\/08\/waznosc-orzeczen-o-niepelnosprawnosci-2024-1024x683.jpg 1024w, https:\/\/kik.edu.pl\/aktualnosci\/wp-content\/uploads\/2024\/08\/waznosc-orzeczen-o-niepelnosprawnosci-2024-300x200.jpg 300w, https:\/\/kik.edu.pl\/aktualnosci\/wp-content\/uploads\/2024\/08\/waznosc-orzeczen-o-niepelnosprawnosci-2024-768x512.jpg 768w, https:\/\/kik.edu.pl\/aktualnosci\/wp-content\/uploads\/2024\/08\/waznosc-orzeczen-o-niepelnosprawnosci-2024-1536x1024.jpg 1536w, https:\/\/kik.edu.pl\/aktualnosci\/wp-content\/uploads\/2024\/08\/waznosc-orzeczen-o-niepelnosprawnosci-2024-2048x1365.jpg 2048w, https:\/\/kik.edu.pl\/aktualnosci\/wp-content\/uploads\/2024\/08\/waznosc-orzeczen-o-niepelnosprawnosci-2024-696x464.jpg 696w, https:\/\/kik.edu.pl\/aktualnosci\/wp-content\/uploads\/2024\/08\/waznosc-orzeczen-o-niepelnosprawnosci-2024-1068x712.jpg 1068w, https:\/\/kik.edu.pl\/aktualnosci\/wp-content\/uploads\/2024\/08\/waznosc-orzeczen-o-niepelnosprawnosci-2024-630x420.jpg 630w\" sizes=\"auto, (max-width: 1024px) 100vw, 1024px\" \/><\/figure>\n\n\n\n<p>Aby powy\u017csza wyd\u0142u\u017cona wa\u017cno\u015b\u0107 by\u0142a aktualna, <strong>osoba z niepe\u0142nosprawno\u015bci\u0105 musi z\u0142o\u017cy\u0107 wniosek o wydanie nowego orzeczenia jeszcze w okresie wa\u017cno\u015bci obecnego dokumentu<\/strong>, czyli do 30 wrze\u015bnia 2024 roku. Szacuje si\u0119, \u017ce wyd\u0142u\u017cenie wa\u017cno\u015bci mo\u017ce dotyczy\u0107 blisko 400 000 os\u00f3b.&nbsp;<\/p>\n\n\n\n<h2 class=\"wp-block-heading\">Co jeszcze zmienia nowelizacja ustawy w zakresie orzecze\u0144 o niepe\u0142nosprawno\u015bci?<\/h2>\n\n\n\n<p>Poza okresem wa\u017cno\u015bci orzecze\u0144 o niepe\u0142nosprawno\u015bci, a tak\u017ce mo\u017cliwo\u015bci\u0105 <strong>usprawnienia prac komisji <\/strong>nowelizacja ustawy wprowadza r\u00f3wnie\u017c zmiany w zakresie termin\u00f3w sk\u0142adania wniosk\u00f3w o wydanie nowych orzecze\u0144. Zgodnie z nowymi zapisami <strong>wyd\u0142u\u017ceniu ulegnie termin z\u0142o\u017cenia wniosku<\/strong> o wydanie nowego orzeczenia z 30 dni przed ko\u0144cem wa\u017cno\u015bci dokumentu do 2 miesi\u0119cy. W przypadku os\u00f3b poni\u017cej 16. roku \u017cycia okres ten wyd\u0142u\u017cony zostanie do 3 miesi\u0119cy.<\/p>\n\n\n\n<p>Aby zaktualizowa\u0107 posiadan\u0105 wiedz\u0119 i umiej\u0119tno\u015bci zwi\u0105zane z wykonywaniem obowi\u0105zk\u00f3w kadrowych, warto zdecydowa\u0107 si\u0119 na<a href=\"https:\/\/kik.edu.pl\/kursy\/176\"> ,,Kurs Specjalisty ds. kadr i p\u0142ac online<\/a>\u201d dost\u0119pny na kik.edu.pl. Absolwent kursu po zdanym egzaminie otrzymuje <strong>dokumentacj\u0119 zgodn\u0105 z wymogami MEiN, certyfikat uko\u0144czenia kursu w j\u0119zyku polskim i j\u0119zyku angielskim oraz dodatkowo <\/strong>tytu\u0142 Specjalisty (kod zawodu 242307). Dzi\u0119ki pozytywnej opinii uczelni wy\u017cszej mo\u017cliwe jest tak\u017ce uzyskanie rekomendacji oraz za\u015bwiadczenia o uko\u0144czeniu kursu wydawanego przez uczelni\u0119.<\/p>\n","protected":false},"excerpt":{"rendered":"<p>Zatrudnianie os\u00f3b z niepe\u0142nosprawno\u015bciami przynosi szereg korzy\u015bci zar\u00f3wno dla samych zainteresowanych, jak i pracodawc\u00f3w. Aby jednak takie osoby mog\u0142y korzysta\u0107 z r\u00f3\u017cnych \u015bwiadcze\u0144 i ulg, a pracodawcy bra\u0107 udzia\u0142 w specjalnych programach, kluczowa jest wa\u017cno\u015b\u0107 orzecze\u0144 o niepe\u0142nosprawno\u015bci.&nbsp; 2024 rok przynosi pod tym wzgl\u0119dem pewne udogodnienia i mo\u017ce znacznie u\u0142atwi\u0107 organizacj\u0119 zar\u00f3wno w kwestii zatrudnienia, [&hellip;]<\/p>\n","protected":false},"author":9,"featured_media":2801,"comment_status":"closed","ping_status":"closed","sticky":false,"template":"","format":"standard","meta":{"footnotes":""},"categories":[3370],"tags":[],"class_list":["post-2797","post","type-post","status-publish","format-standard","has-post-thumbnail","hentry","category-kadry-i-place"],"aioseo_notices":[],"_links":{"self":[{"href":"https:\/\/kik.edu.pl\/aktualnosci\/wp-json\/wp\/v2\/posts\/2797","targetHints":{"allow":["GET"]}}],"collection":[{"href":"https:\/\/kik.edu.pl\/aktualnosci\/wp-json\/wp\/v2\/posts"}],"about":[{"href":"https:\/\/kik.edu.pl\/aktualnosci\/wp-json\/wp\/v2\/types\/post"}],"author":[{"embeddable":true,"href":"https:\/\/kik.edu.pl\/aktualnosci\/wp-json\/wp\/v2\/users\/9"}],"replies":[{"embeddable":true,"href":"https:\/\/kik.edu.pl\/aktualnosci\/wp-json\/wp\/v2\/comments?post=2797"}],"version-history":[{"count":4,"href":"https:\/\/kik.edu.pl\/aktualnosci\/wp-json\/wp\/v2\/posts\/2797\/revisions"}],"predecessor-version":[{"id":3319,"href":"https:\/\/kik.edu.pl\/aktualnosci\/wp-json\/wp\/v2\/posts\/2797\/revisions\/3319"}],"wp:featuredmedia":[{"embeddable":true,"href":"https:\/\/kik.edu.pl\/aktualnosci\/wp-json\/wp\/v2\/media\/2801"}],"wp:attachment":[{"href":"https:\/\/kik.edu.pl\/aktualnosci\/wp-json\/wp\/v2\/media?parent=2797"}],"wp:term":[{"taxonomy":"category","embeddable":true,"href":"https:\/\/kik.edu.pl\/aktualnosci\/wp-json\/wp\/v2\/categories?post=2797"},{"taxonomy":"post_tag","embeddable":true,"href":"https:\/\/kik.edu.pl\/aktualnosci\/wp-json\/wp\/v2\/tags?post=2797"}],"curies":[{"name":"wp","href":"https:\/\/api.w.org\/{rel}","templated":true}]}}