{"id":2655,"date":"2024-03-13T13:24:26","date_gmt":"2024-03-13T12:24:26","guid":{"rendered":"https:\/\/kik.edu.pl\/aktualnosci\/?p=2655"},"modified":"2025-05-08T14:07:45","modified_gmt":"2025-05-08T12:07:45","slug":"jak-prowadzic-ewidencje-czasu-pracy","status":"publish","type":"post","link":"https:\/\/kik.edu.pl\/aktualnosci\/jak-prowadzic-ewidencje-czasu-pracy\/","title":{"rendered":"Jak prowadzi\u0107 ewidencj\u0119 czasu pracy?"},"content":{"rendered":"<p><span style=\"font-weight: 400;\">W\u015br\u00f3d dokumentacji zwi\u0105zanej z prowadzeniem firmy znajduje si\u0119 wiele r\u00f3\u017cnych zapis\u00f3w, danych i raport\u00f3w zwi\u0105zanych ze \u015bwiadczeniem pracy przez poszczeg\u00f3lnych pracownik\u00f3w. Jednym z nich jest ewidencja czasu pracy, niezwykle istotna dla prawid\u0142owego naliczania wynagrodze\u0144 i rozliczania czasu pe\u0142nienia obowi\u0105zk\u00f3w. Aby wiedzie\u0107, jak prowadzi\u0107 ewidencj\u0119 czasu pracy, warto korzysta\u0107 z kurs\u00f3w pozwalaj\u0105cych na zdobycie aktualnej wiedzy i praktycznych umiej\u0119tno\u015bci. Sprawd\u017a, co powinna zawiera\u0107 ewidencja czasu pracy i jak prowadzi\u0107 j\u0105 w spos\u00f3b prawid\u0142owy.<\/span><\/p>\n<h2><span style=\"font-weight: 400;\">Czym jest ewidencja czasu pracy i dlaczego trzeba j\u0105 prowadzi\u0107?\u00a0\u00a0<\/span><\/h2>\n<p><span style=\"font-weight: 400;\">Ewidencja czasu pracy to charakterystyczny dokument zawieraj\u0105cy <\/span><b>szczeg\u00f3\u0142owe dane odno\u015bnie do czasu, w kt\u00f3rym dany pracownik pe\u0142ni\u0142 swoje obowi\u0105zki zawodowe<\/b><span style=\"font-weight: 400;\">. Zbi\u00f3r takich informacji prowadzony jest osobno dla ka\u017cdej z zatrudnionych os\u00f3b i stanowi podstaw\u0119 dla rozliczania czasu pracy oraz naliczania nale\u017cnego wynagrodzenia.<\/span><\/p>\n<p><span style=\"font-weight: 400;\">Dzi\u0119ki ewidencji pracy mo\u017cliwe jest tak\u017ce ustalanie innych \u015bwiadcze\u0144 bezpo\u015brednio zwi\u0105zanych z prac\u0105. Kwestia tego, jak powinna wygl\u0105da\u0107 ewidencja pracy, jest wi\u0119c kluczowa dla finans\u00f3w danego zak\u0142adu pracy, ale te\u017c rozlicze\u0144 z urz\u0119dem skarbowym i bud\u017cetem firmy. <\/span><b>Prawid\u0142owo\u015b\u0107 prowadzenia ewidencji pracy mo\u017ce skontrolowa\u0107 Pa\u0144stwowa Inspekcja Pracy.<\/b><\/p>\n<p><span style=\"font-weight: 400;\">Odno\u015bnie do tego, jak prowadzi\u0107 ewidencj\u0119 czasu pracy, nale\u017cy mie\u0107 na uwadze, \u017ce dokumentacja tego typu powinna uwzgl\u0119dnia\u0107 tak\u017ce wszelkie wnioski pracownika o dni wolne czy zastosowanie okre\u015blonego systemu pracy. To r\u00f3wnie\u017c dokumenty zwi\u0105zane z pe\u0142nieniem obowi\u0105zk\u00f3w w ramach godzin nadliczbowych.\u00a0\u00a0<\/span><\/p>\n<blockquote><p><a title=\"Kurs I stopnia G\u0142\u00f3wnego Ksi\u0119gowego\" href=\"https:\/\/kik.edu.pl\/kursy\/138\"><span style=\"font-weight: 400;\">POZNAJ AKTUALNE WYMOGI ZWI\u0104ZANE Z EWIDENCJ\u0104 CZASU PRACY I DOWIEDZ SI\u0118, JAK POPRAWNIE PROWADZI\u0106 EWIDENCJ\u0118 CZASU PRACY. WYBIERZ \u201eKURS I STOPNIA G\u0141\u00d3WNEGO KSI\u0118GOWEGO\u201d<\/span><\/a><\/p><\/blockquote>\n<h2><span style=\"font-weight: 400;\">Prawne wymogi dotycz\u0105ce ewidencji czasu pracy w kontek\u015bcie przepis\u00f3w prawa pracy<\/span><\/h2>\n<p><span style=\"font-weight: 400;\">Konieczno\u015b\u0107 prowadzenia ewidencji czasu pracy wynika z art. 149 \u00a7 1 Kodeksu pracy, cho\u0107 zapisy te nie okre\u015blaj\u0105 szczeg\u00f3\u0142owo, jak powinna wygl\u0105da\u0107 ewidencja czasu pracy. Wiadomo jednak, \u017ce prowadzenie tego rodzaju dokumentacji jest <\/span><b>obowi\u0105zkowe ju\u017c od pierwszego dnia zatrudnienia przez ka\u017cdego pracodawc\u0119<\/b><span style=\"font-weight: 400;\"> niezale\u017cnie od bran\u017cy czy systemu pracy. Pracownik nie musi podpisywa\u0107 ewidencji. Nale\u017cy pami\u0119ta\u0107 te\u017c, \u017ce ewidencja czasu <\/span><b>pracy nie jest tym samym co dobrowolna lista obecno\u015bci pracownik\u00f3w<\/b><span style=\"font-weight: 400;\">.<\/span><\/p>\n<p><span style=\"font-weight: 400;\">W\u015br\u00f3d istotnych zapis\u00f3w prawnych co do ewidencjonowania pracownik\u00f3w, wa\u017cne jest, jak d\u0142ugo przechowywa\u0107 ewidencj\u0119 czasu pracy. Dokumenty te musz\u0105 by\u0107 przechowywane przez pracodawc\u0119 przez ca\u0142y okres trwania zatrudnienia danego pracownika w zak\u0142adzie pracy oraz <\/span><b>kolejne 10 lat po zako\u0144czeniu stosunku pracy<\/b><span style=\"font-weight: 400;\">, licz\u0105c od ko\u0144ca roku kalendarzowego, w kt\u00f3rym umowa si\u0119 zako\u0144czy\u0142a lub zosta\u0142a rozwi\u0105zana. Istotne s\u0105 tu r\u00f3wnie\u017c odpowiednie zabezpieczenia dokumentacji. Musi by\u0107 ona przechowywana w spos\u00f3b, kt\u00f3ry zapobiegnie ewentualnemu zniszczeniu np. wskutek kradzie\u017cy czy powodzi.\u00a0\u00a0\u00a0\u00a0<\/span><\/p>\n<h2><span style=\"font-weight: 400;\">Jak powinna wygl\u0105da\u0107 ewidencja czasu pracy?<\/span><\/h2>\n<p><span style=\"font-weight: 400;\">Forma prowadzenia ewidencji czasu pracy powinna uwzgl\u0119dnia\u0107 <\/span><b>mo\u017cliwo\u015b\u0107 czytelnego odczytania danych b\u0119d\u0105cych podstaw\u0105 do naliczenia w\u0142a\u015bciwego wynagrodzenia<\/b><span style=\"font-weight: 400;\"> pracownika. Chocia\u017c jeden konkretny wz\u00f3r nie jest okre\u015blony, najcz\u0119\u015bciej ewidencja czasu pracy prowadzona jest w formie tabeli, kt\u00f3ra mo\u017ce wyst\u0119powa\u0107 jako dokument <\/span><b>papierowy lub elektroniczny<\/b><span style=\"font-weight: 400;\">.<\/span><\/p>\n<p><span style=\"font-weight: 400;\">W tabeli tej musz\u0105 zosta\u0107 wyszczeg\u00f3lnione poszczeg\u00f3lne dni miesi\u0105ca, godziny oraz mo\u017cliwo\u015b\u0107 naniesienia poszczeg\u00f3lnych oznacze\u0144. Cz\u0119sto stosuje si\u0119 takie skr\u00f3ty oznaczeniowe jak Ub. (urlop bezp\u0142atny), Ch. (choroba), U\u017c. (urlop na \u017c\u0105danie), Uwych. (urlop wychowawczy) czy Uok. (urlop okoliczno\u015bciowy).<\/span><\/p>\n<p><b>Co powinna zawiera\u0107 ewidencja czasu pracy?<\/b><\/p>\n<p><span style=\"font-weight: 400;\">Aby dokumentacja pracownicza zwi\u0105zana z naliczaniem wynagrodzenia by\u0142a kompletna, wa\u017cne jest, co powinna zawiera\u0107 ewidencja czasu pracy. W tej cz\u0119\u015bci dokumentacji powinny znale\u017a\u0107 si\u0119 takie elementy jak:<\/span><\/p>\n<ul>\n<li style=\"font-weight: 400;\" aria-level=\"1\"><span style=\"font-weight: 400;\">liczba godzin przepracowanych przez danego pracownika wraz z godzin\u0105 rozpocz\u0119cia oraz zako\u0144czenia pracy;<\/span><\/li>\n<li style=\"font-weight: 400;\" aria-level=\"1\"><span style=\"font-weight: 400;\">liczba przepracowanych godzin nadliczbowych;<\/span><\/li>\n<li style=\"font-weight: 400;\" aria-level=\"1\"><span style=\"font-weight: 400;\">liczba godzin przepracowanych w porze nocnej;<\/span><\/li>\n<li style=\"font-weight: 400;\" aria-level=\"1\"><span style=\"font-weight: 400;\">liczba godzin dy\u017curu\u00a0 wraz z godzin\u0105 rozpocz\u0119cia i zako\u0144czenia oraz wskazanie miejsca, w kt\u00f3rym odbywa\u0142 si\u0119 dy\u017cur;<\/span><\/li>\n<li style=\"font-weight: 400;\" aria-level=\"1\"><span style=\"font-weight: 400;\">ustawowe zwolnienia od pracy wraz z podstaw\u0105 prawn\u0105 ich udzielania, a tak\u017ce oznaczania ich stosownego wymiaru;<\/span><\/li>\n<li style=\"font-weight: 400;\" aria-level=\"1\"><span style=\"font-weight: 400;\">dni wolne od pracy oraz tytu\u0142, z jakiego zosta\u0142y udzielone;<\/span><\/li>\n<li style=\"font-weight: 400;\" aria-level=\"1\"><span style=\"font-weight: 400;\">usprawiedliwione nieobecno\u015bci w pracy oraz ich wymiar i rodzaj;<\/span><\/li>\n<li style=\"font-weight: 400;\" aria-level=\"1\"><span style=\"font-weight: 400;\">nieusprawiedliwione nieobecno\u015bci oraz ich wymiar i rodzaj;<\/span><\/li>\n<li style=\"font-weight: 400;\" aria-level=\"1\"><span style=\"font-weight: 400;\">czas pracy \u015bwiadczonej przez pracownika m\u0142odocianego w przypadku prac wzbronionych m\u0142odocianym, kt\u00f3ra odbyta zosta\u0142a w celu przygotowania zawodowego.<\/span><\/li>\n<\/ul>\n<p><span style=\"font-weight: 400;\">Brak niekt\u00f3rych z powy\u017cszych element\u00f3w w ewidencji czasu pracy w przypadku, gdy mia\u0142y miejsce w rzeczywisto\u015bci, niesie ze <\/span><b>sob\u0105 konsekwencje w postaci naruszenia prawa pracy <\/b><span style=\"font-weight: 400;\">i mo\u017ce wi\u0105za\u0107 si\u0119 z na\u0142o\u017ceniem kary grzywny przez Pa\u0144stwow\u0105 Inspekcj\u0119 Pracy.<\/span><\/p>\n<p><img loading=\"lazy\" decoding=\"async\" class=\"alignnone wp-image-2656 size-full\" src=\"https:\/\/kik.edu.pl\/aktualnosci\/wp-content\/uploads\/2024\/04\/jak-prowadzi\u0107-ewidencj\u0119-czasu-pracy.jpg\" alt=\"jak prowadzi\u0107 ewidencj\u0119 czasu pracy\" width=\"3800\" height=\"2533\" srcset=\"https:\/\/kik.edu.pl\/aktualnosci\/wp-content\/uploads\/2024\/04\/jak-prowadzi\u0107-ewidencj\u0119-czasu-pracy.jpg 3800w, https:\/\/kik.edu.pl\/aktualnosci\/wp-content\/uploads\/2024\/04\/jak-prowadzi\u0107-ewidencj\u0119-czasu-pracy-300x200.jpg 300w, https:\/\/kik.edu.pl\/aktualnosci\/wp-content\/uploads\/2024\/04\/jak-prowadzi\u0107-ewidencj\u0119-czasu-pracy-768x512.jpg 768w, https:\/\/kik.edu.pl\/aktualnosci\/wp-content\/uploads\/2024\/04\/jak-prowadzi\u0107-ewidencj\u0119-czasu-pracy-1024x683.jpg 1024w, https:\/\/kik.edu.pl\/aktualnosci\/wp-content\/uploads\/2024\/04\/jak-prowadzi\u0107-ewidencj\u0119-czasu-pracy-696x464.jpg 696w, https:\/\/kik.edu.pl\/aktualnosci\/wp-content\/uploads\/2024\/04\/jak-prowadzi\u0107-ewidencj\u0119-czasu-pracy-1068x712.jpg 1068w, https:\/\/kik.edu.pl\/aktualnosci\/wp-content\/uploads\/2024\/04\/jak-prowadzi\u0107-ewidencj\u0119-czasu-pracy-630x420.jpg 630w\" sizes=\"auto, (max-width: 3800px) 100vw, 3800px\" \/><\/p>\n<h2><span style=\"font-weight: 400;\">Dlaczego warto rozwa\u017cy\u0107 kurs?<\/span><\/h2>\n<p><span style=\"font-weight: 400;\">Aby sporz\u0105dzanie stosownej ewidencji pracy, jak i innego rodzaju dokumentacji w zak\u0142adach pracy przebiega\u0142o bez narusze\u0144 zasad okre\u015blonych przez prawo i w \u0142atwy spos\u00f3b, warto zdecydowa\u0107 si\u0119 na<\/span><a title=\"Kurs I stopnia G\u0142\u00f3wnego Ksi\u0119gowego\" href=\"https:\/\/kik.edu.pl\/kursy\/138\"><span style=\"font-weight: 400;\"> ,,Kurs I stopnia G\u0142\u00f3wnego Ksi\u0119gowego<\/span><\/a><span style=\"font-weight: 400;\">\u201d dost\u0119pny na platformie dydaktycznej Krajowej Izby Ksi\u0119gowych. Kurs <\/span><b>zgodny jest z Rozporz\u0105dzeniem Ministra Edukacji i Nauki, <\/b><span style=\"font-weight: 400;\">Ustaw\u0105 o prawie o\u015bwiatowym, Ustaw\u0105 o rachunkowo\u015bci i prawem bankowym.<\/span><\/p>\n<p><span style=\"font-weight: 400;\">Absolwent otrzymuje dokumentacj\u0119 zgodn\u0105 z wymogami MEiN i <\/span><b>certyfikat w j\u0119zyku polskim i angielskim<\/b><span style=\"font-weight: 400;\">. To mo\u017cliwo\u015b\u0107 kontynuowania nauki na kursie II stopnia G\u0142\u00f3wnego Ksi\u0119gowego. Ostatnim etapem jest ,,Kurs G\u0142\u00f3wnego Ksi\u0119gowego\u201d, kt\u00f3ry umo\u017cliwia <\/span><b>uzyskanie kwalifikacji zawodowych do zawodu G\u0142\u00f3wnego Ksi\u0119gowego.<\/b><span style=\"font-weight: 400;\"> Uj\u0119tego w klasyfikacji zawod\u00f3w i specjalno\u015bci wprowadzonej rozporz\u0105dzeniem Ministra Pracy i Polityki Spo\u0142ecznej z dnia 7 sierpnia 2014 r. w sprawie klasyfikacji zawod\u00f3w i specjalno\u015bci na potrzeby rynku pracy oraz zakresu jej stosowania Dz. U. z 2014 r. poz. 1145 (kod zawodu 121101).<\/span><\/p>\n<p><span style=\"font-weight: 400;\">Absolwent Kursu I stopnia G\u0142\u00f3wnego Ksi\u0119gowego uzyskuje <\/span><b>mo\u017cliwo\u015b\u0107 podj\u0119cia zatrudnienia w Polsce, jak i we wszystkich krajach Unii Europejskiej<\/b><span style=\"font-weight: 400;\">. Dzi\u0119ki pozytywnej opinii uczelni wy\u017cszej mo\u017cliwe jest tak\u017ce uzyskanie rekomendacji oraz za\u015bwiadczenia o uko\u0144czeniu kursu wydanego przez uczelni\u0119. Kursanci ze statusem bezrobotnych mog\u0105 skorzysta\u0107 tak\u017ce z <\/span><b>dofinansowania z Urz\u0119du Pracy<\/b><span style=\"font-weight: 400;\">.<\/span><\/p>\n","protected":false},"excerpt":{"rendered":"<p>W\u015br\u00f3d dokumentacji zwi\u0105zanej z prowadzeniem firmy znajduje si\u0119 wiele r\u00f3\u017cnych zapis\u00f3w, danych i raport\u00f3w zwi\u0105zanych ze \u015bwiadczeniem pracy przez poszczeg\u00f3lnych pracownik\u00f3w. Jednym z nich jest ewidencja czasu pracy, niezwykle istotna dla prawid\u0142owego naliczania wynagrodze\u0144 i rozliczania czasu pe\u0142nienia obowi\u0105zk\u00f3w. Aby wiedzie\u0107, jak prowadzi\u0107 ewidencj\u0119 czasu pracy, warto korzysta\u0107 z kurs\u00f3w pozwalaj\u0105cych na zdobycie aktualnej wiedzy [&hellip;]<\/p>\n","protected":false},"author":9,"featured_media":2657,"comment_status":"closed","ping_status":"closed","sticky":false,"template":"","format":"standard","meta":{"footnotes":""},"categories":[3377],"tags":[],"class_list":["post-2655","post","type-post","status-publish","format-standard","has-post-thumbnail","hentry","category-inne-ksiegowosc"],"aioseo_notices":[],"_links":{"self":[{"href":"https:\/\/kik.edu.pl\/aktualnosci\/wp-json\/wp\/v2\/posts\/2655","targetHints":{"allow":["GET"]}}],"collection":[{"href":"https:\/\/kik.edu.pl\/aktualnosci\/wp-json\/wp\/v2\/posts"}],"about":[{"href":"https:\/\/kik.edu.pl\/aktualnosci\/wp-json\/wp\/v2\/types\/post"}],"author":[{"embeddable":true,"href":"https:\/\/kik.edu.pl\/aktualnosci\/wp-json\/wp\/v2\/users\/9"}],"replies":[{"embeddable":true,"href":"https:\/\/kik.edu.pl\/aktualnosci\/wp-json\/wp\/v2\/comments?post=2655"}],"version-history":[{"count":2,"href":"https:\/\/kik.edu.pl\/aktualnosci\/wp-json\/wp\/v2\/posts\/2655\/revisions"}],"predecessor-version":[{"id":3331,"href":"https:\/\/kik.edu.pl\/aktualnosci\/wp-json\/wp\/v2\/posts\/2655\/revisions\/3331"}],"wp:featuredmedia":[{"embeddable":true,"href":"https:\/\/kik.edu.pl\/aktualnosci\/wp-json\/wp\/v2\/media\/2657"}],"wp:attachment":[{"href":"https:\/\/kik.edu.pl\/aktualnosci\/wp-json\/wp\/v2\/media?parent=2655"}],"wp:term":[{"taxonomy":"category","embeddable":true,"href":"https:\/\/kik.edu.pl\/aktualnosci\/wp-json\/wp\/v2\/categories?post=2655"},{"taxonomy":"post_tag","embeddable":true,"href":"https:\/\/kik.edu.pl\/aktualnosci\/wp-json\/wp\/v2\/tags?post=2655"}],"curies":[{"name":"wp","href":"https:\/\/api.w.org\/{rel}","templated":true}]}}