{"id":2237,"date":"2022-08-30T15:30:27","date_gmt":"2022-08-30T13:30:27","guid":{"rendered":"https:\/\/kik.edu.pl\/aktualnosci\/?p=2237"},"modified":"2024-08-02T14:00:55","modified_gmt":"2024-08-02T12:00:55","slug":"jak-na-przestrzeni-lat-zmienila-sie-frekwencja-na-kursach-kadr-i-plac","status":"publish","type":"post","link":"https:\/\/kik.edu.pl\/aktualnosci\/jak-na-przestrzeni-lat-zmienila-sie-frekwencja-na-kursach-kadr-i-plac\/","title":{"rendered":"Jak na przestrzeni lat zmieni\u0142a si\u0119 frekwencja na kursach kadr i p\u0142ac?"},"content":{"rendered":"<p><span style=\"font-weight: 400;\">Aby <\/span><span style=\"font-weight: 400;\">rozpocz\u0105\u0107 prac\u0119 jako specjalista ds. kadr i p\u0142ac niezb\u0119dna jest wiedza w zakresie przepis\u00f3w prawa pracy i ubezpiecze\u0144 spo\u0142ecznych, a tak\u017ce umiej\u0119tno\u015b\u0107 rozwi\u0105zywania r\u00f3\u017cnorodnych spraw zwi\u0105zanych z zarz\u0105dzaniem zasobami ludzkimi. Dlatego te\u017c warto korzysta\u0107 ze szkole\u0144, kt\u00f3re odpowiednio przygotuj\u0105 kandydata do pracy. Du\u017ce u\u0142atwienie dla uczestnik\u00f3w stanowi\u0105 kursy kadry i p\u0142ace online, kt\u00f3re gwarantuj\u0105 mo\u017cliwo\u015b\u0107 elastycznego gospodarowania czasu nauki.<\/span><\/p>\n<h2><span style=\"font-weight: 400;\">Specjalista ds. kadr i p\u0142ac \u2013 zarobki i zadania zawodowe<\/span><\/h2>\n<p><span style=\"font-weight: 400;\">Og\u00f3lnopolskie Badanie Wynagrodze\u0144 wskazuje, \u017ce na stanowisku specjalisty ds. kadr i p\u0142ac zarobki oscyluj\u0105 pomi\u0119dzy 4120 z\u0142 a 5910 z\u0142 brutto. Zatem <\/span><b>\u015brednia pensja wynosi<\/b> <b>4880 z\u0142 brutto<\/b><span style=\"font-weight: 400;\">. Wynagrodzenie uzale\u017cnione jest od: wykszta\u0142cenia, sta\u017cu pracy, wielko\u015bci firmy, wojew\u00f3dztwa, mo\u017cliwo\u015bci i oczekiwa\u0144 zatrudniaj\u0105cego. M\u0142odszy specjalista zarabia \u015brednio 4000 z\u0142 brutto, a starszy \u2013 5680 z\u0142 brutto.<\/span><\/p>\n<p><a title=\"Kurs Specjalista ds. Kadr i P\u0142ac\" href=\"https:\/\/kik.edu.pl\/kursy\/176\"><span style=\"font-weight: 400;\">Specjalista ds. kadr i p\u0142ac<\/span><\/a> <b>zakres obowi\u0105zk\u00f3w uzale\u017cnia przede wszystkim od potrzeb firmy<\/b><span style=\"font-weight: 400;\">, w kt\u00f3rej pracuje. Dodatkowo istotna jest wielko\u015b\u0107 przedsi\u0119biorstwa, poniewa\u017c im wi\u0119kszy dzia\u0142 kadrowo-p\u0142acowy, tym wi\u0119ksze mo\u017cliwo\u015bci rozdzielenia zada\u0144. Osoba zatrudniona na tym stanowisku zajmuje si\u0119 wszelkimi sprawami zwi\u0105zanymi z dokumentacj\u0105 pracownik\u00f3w, m.in. przygotowaniem raport\u00f3w dotycz\u0105cych potrzeb kadrowych czy prowadzenie teczek osobowych pracownik\u00f3w. W zawodzie specjalisty ds.kadr i p\u0142ac zakres obowi\u0105zk\u00f3w wyznacza r\u00f3wnie\u017c dbanie o sprawy zwi\u0105zane z umowami zatrudnionych i regulaminem pracy.<\/span><\/p>\n<h2><span style=\"font-weight: 400;\">Kadry i p\u0142ace \u2013 podstawowa wiedza na temat rozwoju zawodowego<\/span><\/h2>\n<p><span style=\"font-weight: 400;\">Rozw\u00f3j zawodowy wi\u0105\u017ce si\u0119 ze zdobytym do\u015bwiadczeniem i umiej\u0119tno\u015bciami pracownika, kt\u00f3ry wykazuje si\u0119 du\u017c\u0105 samodzielno\u015bci\u0105 w wykonywaniu zada\u0144 oraz wiedz\u0105 eksperck\u0105 w danym zakresie. <\/span><b>Mo\u017cliwo\u015bci awansu zawodowego w du\u017cym stopniu uzale\u017cnione s\u0105 od ustalonych, wewn\u0119trznych wymog\u00f3w przedsi\u0119biorstwa<\/b><span style=\"font-weight: 400;\">.<\/span><\/p>\n<p><img loading=\"lazy\" decoding=\"async\" class=\"aligncenter wp-image-2250 size-large\" src=\"https:\/\/kik.edu.pl\/aktualnosci\/wp-content\/uploads\/2022\/08\/tim-gouw-KigTvXqetXA-unsplash-1024x493.jpg\" alt=\"dokumenty specjalisty ds kadr i p\u0142ac\" width=\"696\" height=\"335\" srcset=\"https:\/\/kik.edu.pl\/aktualnosci\/wp-content\/uploads\/2022\/08\/tim-gouw-KigTvXqetXA-unsplash-1024x493.jpg 1024w, https:\/\/kik.edu.pl\/aktualnosci\/wp-content\/uploads\/2022\/08\/tim-gouw-KigTvXqetXA-unsplash-300x145.jpg 300w, https:\/\/kik.edu.pl\/aktualnosci\/wp-content\/uploads\/2022\/08\/tim-gouw-KigTvXqetXA-unsplash-768x370.jpg 768w, https:\/\/kik.edu.pl\/aktualnosci\/wp-content\/uploads\/2022\/08\/tim-gouw-KigTvXqetXA-unsplash-696x335.jpg 696w, https:\/\/kik.edu.pl\/aktualnosci\/wp-content\/uploads\/2022\/08\/tim-gouw-KigTvXqetXA-unsplash-1068x515.jpg 1068w, https:\/\/kik.edu.pl\/aktualnosci\/wp-content\/uploads\/2022\/08\/tim-gouw-KigTvXqetXA-unsplash-872x420.jpg 872w, https:\/\/kik.edu.pl\/aktualnosci\/wp-content\/uploads\/2022\/08\/tim-gouw-KigTvXqetXA-unsplash.jpg 2011w\" sizes=\"auto, (max-width: 696px) 100vw, 696px\" \/><\/p>\n<p><span style=\"font-weight: 400;\">W przypadku pracownika dzia\u0142u kadry i p\u0142ace podstawowa wiedza zawodowa umo\u017cliwia zdobycie zatrudnienia jako m\u0142odszy specjalista, a wraz z rosn\u0105cymi kwalifikacjami \u2013 zmiany stanowiska na specjalist\u0119 ds. kadr i p\u0142ac i kolejno na starszego specjalist\u0119. Na \u015bcie\u017ck\u0119 kariery bardzo du\u017cy wp\u0142yw ma struktura firmy, poniewa\u017c w ma\u0142ym przedsi\u0119biorstwie, gdzie zatrudniona jest jedna osoba na stanowisko, nie ma potrzeby okre\u015blania typu specjalisty.<\/span><\/p>\n<h2><span style=\"font-weight: 400;\">Znaczenie kurs\u00f3w online dla rozwoju pracownik\u00f3w<\/span><\/h2>\n<p><span style=\"font-weight: 400;\">Badania potwierdzaj\u0105, \u017ce popularno\u015b\u0107 na prac\u0119 w kadrach i p\u0142acach nie maleje, o czym pisali\u015bmy wi\u0119cej w artykule:\u00a0<\/span><a title=\"Czemu zapotrzebowanie na specjalist\u00f3w ds. kadr i p\u0142ac ci\u0105gle ro\u015bnie?\" href=\"https:\/\/kik.edu.pl\/aktualnosci\/czemu-zapotrzebowanie-na-specjalistow-ds-kadr-i-plac-ciagle-rosnie\/\"><span style=\"font-weight: 400;\">Czemu zapotrzebowanie na specjalist\u00f3w ds. kadr i p\u0142ac ci\u0105gle ro\u015bnie?<\/span><\/a><span style=\"font-weight: 400;\">. Rynek nadal oferuje ciekawe miejsca zatrudnienia dla os\u00f3b zainteresowanych prac\u0105 w tym dziale, ale wymaga to od kandydat\u00f3w odpowiednich kompetencji.\u00a0<\/span><\/p>\n<p><b>Jednym ze sposob\u00f3w uzyskania lub zwi\u0119kszenia umiej\u0119tno\u015bci zawodowych jest udzia\u0142 w szkoleniach<\/b><span style=\"font-weight: 400;\">, kt\u00f3re umo\u017cliwiaj\u0105 jak najlepsze przygotowanie do pracy. Ponadto obecnie firmy stawiaj\u0105 w swoich dzia\u0142aniach na rozw\u00f3j pracownik\u00f3w, poniewa\u017c ich dzia\u0142ania to podstawowe narz\u0119dzie rozwoju firmy. Pracownicy dysponuj\u0105cy specjalistyczn\u0105 wiedz\u0105 s\u0105 doceniani na rynku pracy, dlatego <\/span><b>frekwencja na kursach kadr i p\u0142ac cieszy si\u0119 coraz wi\u0119kszym zainteresowaniem<\/b><span style=\"font-weight: 400;\">.<\/span><\/p>\n<h2><span style=\"font-weight: 400;\">Kurs kadry i p\u0142ace online<\/span><\/h2>\n<p><span style=\"font-weight: 400;\">Metoda e-learningowa stanowi konkurencj\u0119 dla tradycyjnej formy szkolenia, poniewa\u017c <\/span><b>kurs kadry i p\u0142ace online umo\u017cliwia nauk\u0119 w dowolnym miejscu i czasie<\/b><span style=\"font-weight: 400;\">. Jest to istotne szczeg\u00f3lnie w przypadku os\u00f3b, kt\u00f3re musz\u0105 po\u0142\u0105czy\u0107 kszta\u0142cenie z innymi obowi\u0105zkami. Ponadto kurs kadry i p\u0142ace online jest doskona\u0142ym rozwi\u0105zaniem dla pracodawc\u00f3w, kt\u00f3rzy pragn\u0105 zaoferowa\u0107 pracownikom szkolenie podnosz\u0105ce ich umiej\u0119tno\u015bci.<\/span><\/p>\n<p><b>Krajowa Izba Ksi\u0119gowych<\/b><span style=\"font-weight: 400;\"> w swojej ofercie posiada <\/span><b>Kurs Specjalisty ds. Kadr i P\u0142ac<\/b><span style=\"font-weight: 400;\">, kt\u00f3rego celem jest przygotowanie zar\u00f3wno teoretyczne, jak i praktyczne uczestnika do wykonania zawodu specjalisty ds. kadr i p\u0142ac. Natomiast <\/span><span style=\"font-weight: 400;\">Po zako\u0144czonym kursie absolwent otrzymuje:\u00a0<strong>certyfikat po polski i angielsku<\/strong>, <strong>za\u015bwiadczenie MEN<\/strong> oraz <strong>dyplom specjalisty ds. kadr i p\u0142ac<\/strong>.<\/span><\/p>\n","protected":false},"excerpt":{"rendered":"<p>Aby rozpocz\u0105\u0107 prac\u0119 jako specjalista ds. kadr i p\u0142ac niezb\u0119dna jest wiedza w zakresie przepis\u00f3w prawa pracy i ubezpiecze\u0144 spo\u0142ecznych, a tak\u017ce umiej\u0119tno\u015b\u0107 rozwi\u0105zywania r\u00f3\u017cnorodnych spraw zwi\u0105zanych z zarz\u0105dzaniem zasobami ludzkimi. Dlatego te\u017c warto korzysta\u0107 ze szkole\u0144, kt\u00f3re odpowiednio przygotuj\u0105 kandydata do pracy. Du\u017ce u\u0142atwienie dla uczestnik\u00f3w stanowi\u0105 kursy kadry i p\u0142ace online, kt\u00f3re gwarantuj\u0105 [&hellip;]<\/p>\n","protected":false},"author":8,"featured_media":2238,"comment_status":"closed","ping_status":"closed","sticky":false,"template":"","format":"standard","meta":{"footnotes":""},"categories":[3370],"tags":[],"class_list":["post-2237","post","type-post","status-publish","format-standard","has-post-thumbnail","hentry","category-kadry-i-place"],"aioseo_notices":[],"_links":{"self":[{"href":"https:\/\/kik.edu.pl\/aktualnosci\/wp-json\/wp\/v2\/posts\/2237","targetHints":{"allow":["GET"]}}],"collection":[{"href":"https:\/\/kik.edu.pl\/aktualnosci\/wp-json\/wp\/v2\/posts"}],"about":[{"href":"https:\/\/kik.edu.pl\/aktualnosci\/wp-json\/wp\/v2\/types\/post"}],"author":[{"embeddable":true,"href":"https:\/\/kik.edu.pl\/aktualnosci\/wp-json\/wp\/v2\/users\/8"}],"replies":[{"embeddable":true,"href":"https:\/\/kik.edu.pl\/aktualnosci\/wp-json\/wp\/v2\/comments?post=2237"}],"version-history":[{"count":6,"href":"https:\/\/kik.edu.pl\/aktualnosci\/wp-json\/wp\/v2\/posts\/2237\/revisions"}],"predecessor-version":[{"id":2293,"href":"https:\/\/kik.edu.pl\/aktualnosci\/wp-json\/wp\/v2\/posts\/2237\/revisions\/2293"}],"wp:featuredmedia":[{"embeddable":true,"href":"https:\/\/kik.edu.pl\/aktualnosci\/wp-json\/wp\/v2\/media\/2238"}],"wp:attachment":[{"href":"https:\/\/kik.edu.pl\/aktualnosci\/wp-json\/wp\/v2\/media?parent=2237"}],"wp:term":[{"taxonomy":"category","embeddable":true,"href":"https:\/\/kik.edu.pl\/aktualnosci\/wp-json\/wp\/v2\/categories?post=2237"},{"taxonomy":"post_tag","embeddable":true,"href":"https:\/\/kik.edu.pl\/aktualnosci\/wp-json\/wp\/v2\/tags?post=2237"}],"curies":[{"name":"wp","href":"https:\/\/api.w.org\/{rel}","templated":true}]}}