{"id":2174,"date":"2022-06-17T10:07:50","date_gmt":"2022-06-17T08:07:50","guid":{"rendered":"https:\/\/kik.edu.pl\/aktualnosci\/?p=2174"},"modified":"2024-08-02T14:05:33","modified_gmt":"2024-08-02T12:05:33","slug":"czemu-zapotrzebowanie-na-specjalistow-ds-kadr-i-plac-ciagle-rosnie","status":"publish","type":"post","link":"https:\/\/kik.edu.pl\/aktualnosci\/czemu-zapotrzebowanie-na-specjalistow-ds-kadr-i-plac-ciagle-rosnie\/","title":{"rendered":"Czemu zapotrzebowanie na specjalist\u00f3w ds. kadr i p\u0142ac ci\u0105gle ro\u015bnie?"},"content":{"rendered":"<p><span style=\"font-weight: 400;\">Rynek pracy od zawsze uzale\u017cniony jest od sytuacji gospodarczej kraju, a tak\u017ce zapotrzebowania spo\u0142ecze\u0144stwa na konkretne dobra czy us\u0142ugi. Przede wszystkim znaczenie maj\u0105 wydarzenia, kt\u00f3re wp\u0142ywaj\u0105 na rynek globalny. Tak te\u017c jest w przypadku specjalist\u00f3w ds. kadr i p\u0142ac, kt\u00f3rych zapotrzebowanie w ostatnich latach dynamicznie wzros\u0142o. Praca w tym zawodzie wi\u0105\u017ce si\u0119 z wysok\u0105 odpowiedzialno\u015bci\u0105. Dlatego te\u017c, aby dosta\u0107 zatrudnienie w kadrach i p\u0142acach, kurs, za spraw\u0105 kt\u00f3rego zdob\u0119dzie si\u0119 niezb\u0119dne umiej\u0119tno\u015bci, ma du\u017ce znaczenie dla rekruter\u00f3w.<\/span><\/p>\n<h2><span style=\"font-weight: 400;\">Specjalista ds. kadr i p\u0142ac \u2013 zakres obowi\u0105zk\u00f3w <\/span><span style=\"font-weight: 400;\">\u00a0<\/span><\/h2>\n<p><span style=\"font-weight: 400;\">Specjalista ds. kadr zajmuje si\u0119 <\/span><b>realizowaniem polityki kadrowej firmy zgodnie z prawem pracy<\/b><span style=\"font-weight: 400;\">. Oznacza to, \u017ce osoba na tym stanowisku jest odpowiedzialna za obs\u0142ug\u0119 proces\u00f3w, kt\u00f3re wi\u0105\u017c\u0105 si\u0119 z pracownikami. W tym zakresie dba o sprawy zwi\u0105zane z zatrudnianiem i rozwi\u0105zywaniem um\u00f3w, czy te\u017c ewidencj\u0105 czasu pracy.<\/span><\/p>\n<p><span style=\"font-weight: 400;\">Na stanowisku specjalisty ds. kadr i p\u0142ac zakres obowi\u0105zk\u00f3w obejmuje r\u00f3wnie\u017c prowadzenie i kontrolowanie dokumentacji pracowniczej, takiej jak: uprawnienia i badania lekarskie niezb\u0119dne do wykonywania konkretnych zawod\u00f3w. Ponadto osoba na tym stanowisku <\/span><b>opracowuje i aktualizuje informacje na temat potrzeb kadrowych jednostki<\/b><span style=\"font-weight: 400;\">.\u00a0<\/span><\/p>\n<p><span style=\"font-weight: 400;\">Do pozosta\u0142ych jego obowi\u0105zk\u00f3w nale\u017cy <\/span><b>wsp\u00f3\u0142praca z innymi dzia\u0142ami i kierownictwem<\/b><span style=\"font-weight: 400;\"> w celu udzielania porad zwi\u0105zanych ze sprawami administracyjnymi oraz po to, by wsp\u00f3lnie opracowa\u0107 regulaminy i procedury odnosz\u0105ce si\u0119 do zatrudnienia. Co wi\u0119cej, pomaga kontrolowa\u0107 personel w zakresie przestrzegania zasadami BHP, ochrony ppo\u017c, ergonomii oraz ochrony \u015brodowiska.<\/span><\/p>\n<h2><span style=\"font-weight: 400;\">Badania nad zapotrzebowaniem na specjalist\u00f3w ds. kadr i p\u0142ac<\/span><\/h2>\n<p><span style=\"font-weight: 400;\">W 2021 r. firma Grant Thornton \u2013 zajmuj\u0105ca si\u0119 us\u0142ugami outsourcingu kadr i p\u0142ac \u2013 przy wsp\u00f3\u0142pracy z firm\u0105 Element \u2013 odpowiedzialn\u0105 za stworzenie systemu do automatyzacji proces\u00f3w rekrutacyjnych \u2013 przeprowadzi\u0142y badania na temat tego, jak wygl\u0105da sytuacja zawodowa pracownik\u00f3w HR.<\/span><\/p>\n<p><span style=\"font-weight: 400;\">Badania przeprowadzono na rzeczywistych ofertach pracy zamieszczonych na 50 portalach podczas analizowanego okresu. Dane zosta\u0142y zebrane za pomoc\u0105 stworzonego przez Element narz\u0119dzia. Wyniki pokaza\u0142y, \u017ce <\/span><b>najcz\u0119\u015bciej poszukiwany pracownik obszaru HR to specjalista ds. kadr i p\u0142ac<\/b><span style=\"font-weight: 400;\">. W 2021 r. zamieszczono a\u017c <\/span><b>o 10% wi\u0119cej ofert pracy dla os\u00f3b z dzia\u0142u HR<\/b><span style=\"font-weight: 400;\"> ni\u017c rok wcze\u015bniej.<\/span><\/p>\n<h2><span style=\"font-weight: 400;\">Powody wzrostu ofert pracy dla specjalist\u00f3w ds. kadr i p\u0142ac<\/span><\/h2>\n<p><span style=\"font-weight: 400;\">Niekwestionowanym czynnikiem, kt\u00f3ry wp\u0142ywa na ilo\u015b\u0107 dost\u0119pnych stanowisk pracy, jest <\/span><b>po\u0142o\u017cenie firmy<\/b><span style=\"font-weight: 400;\">. Najwi\u0119ksze zapotrzebowanie Warszawy na takich pracownik\u00f3w jest oczywiste. Dzieje si\u0119 tak g\u0142\u00f3wnie dlatego, \u017ce wiele najwi\u0119kszych firm, a szczeg\u00f3lnie zagranicznych, ma swoje siedziby w\u0142a\u015bnie w stolicy.<\/span><\/p>\n<p><img loading=\"lazy\" decoding=\"async\" class=\"aligncenter wp-image-2176 size-large\" src=\"https:\/\/kik.edu.pl\/aktualnosci\/wp-content\/uploads\/2022\/06\/krakenimages-376KN_ISplE-unsplash-1024x458.jpg\" alt=\"pracownik hr\" width=\"696\" height=\"311\" srcset=\"https:\/\/kik.edu.pl\/aktualnosci\/wp-content\/uploads\/2022\/06\/krakenimages-376KN_ISplE-unsplash-1024x458.jpg 1024w, https:\/\/kik.edu.pl\/aktualnosci\/wp-content\/uploads\/2022\/06\/krakenimages-376KN_ISplE-unsplash-300x134.jpg 300w, https:\/\/kik.edu.pl\/aktualnosci\/wp-content\/uploads\/2022\/06\/krakenimages-376KN_ISplE-unsplash-768x344.jpg 768w, https:\/\/kik.edu.pl\/aktualnosci\/wp-content\/uploads\/2022\/06\/krakenimages-376KN_ISplE-unsplash-696x311.jpg 696w, https:\/\/kik.edu.pl\/aktualnosci\/wp-content\/uploads\/2022\/06\/krakenimages-376KN_ISplE-unsplash-1068x478.jpg 1068w, https:\/\/kik.edu.pl\/aktualnosci\/wp-content\/uploads\/2022\/06\/krakenimages-376KN_ISplE-unsplash-939x420.jpg 939w\" sizes=\"auto, (max-width: 696px) 100vw, 696px\" \/><\/p>\n<p><span style=\"font-weight: 400;\">Ponadto pandemia wp\u0142yn\u0119\u0142a na rozszerzenie si\u0119 lub wprowadzenie <\/span><b>wykonywania obowi\u0105zk\u00f3w w spos\u00f3b zdalny<\/b><span style=\"font-weight: 400;\">. By\u0142o to wyzwanie szczeg\u00f3lnie dla zatrudnionych, kt\u00f3rzy po raz pierwszy zetkn\u0119li si\u0119 z tak\u0105 form\u0105 pracy. Dlatego te\u017c firmy potrzebowa\u0142y pracownik\u00f3w HR, dbaj\u0105cych o integracj\u0119 zespo\u0142\u00f3w oraz ich efektywno\u015b\u0107 i zaanga\u017cowanie.<\/span><\/p>\n<p><span style=\"font-weight: 400;\">Warto doda\u0107, \u017ce specjali\u015bci ds. kadr i p\u0142ac mieli bardzo wa\u017cne zadanie podczas pandemii, by <\/span><b>przeprowadzi\u0107 firmy przez za\u0142amanie gospodarcze<\/b><span style=\"font-weight: 400;\">, wykorzystuj\u0105c mo\u017cliwo\u015bci, jakie dawa\u0142y im postanowienia prawne rz\u0105dz\u0105cych oraz Tarcze Finansowe.<\/span><\/p>\n<h2><span style=\"font-weight: 400;\">Kurs kadrowo-p\u0142acowy online \u2013 czy warto wybra\u0107 takie rozwi\u0105zanie?<\/span><\/h2>\n<p><span style=\"font-weight: 400;\">Zdecydowanie warto rozwa\u017cy\u0107 ucz\u0119szczanie na kurs kadrowo-p\u0142acowy online. Jest to elastyczna forma nauczania, z kt\u00f3rej b\u0119dzie mog\u0142a skorzysta\u0107 ka\u017cda osoba pragn\u0105ca po\u0142\u0105czy\u0107 swoje codzienne obowi\u0105zki z kszta\u0142ceniem. Wi\u0119cej na temat zalet nauki zosta\u0142o om\u00f3wione w artykule:\u00a0<\/span><a title=\"Czy kurs kadr i p\u0142ac mo\u017cna odby\u0107 w formie e-learningu?\" href=\"https:\/\/kik.edu.pl\/aktualnosci\/czy-kurs-kadr-i-plac-mozna-odbyc-w-formie-e-learningu\/\"><span style=\"font-weight: 400;\">Czy kurs kadr i p\u0142ac mo\u017cna odby\u0107 w formie e-learningu?<\/span><\/a><\/p>\n<p><span style=\"font-weight: 400;\">Niekt\u00f3rzy martwi\u0105 si\u0119 tym, czy za spraw\u0105 nauki online nab\u0119dzie si\u0119 w zakresie kadr i p\u0142ac podstaw nie tylko teoretycznych, ale i praktycznych. W przypadku kurs\u00f3w oferowanych przez <\/span><b>Krajow\u0105 Izb\u0119 Ksi\u0119gowych<\/b><span style=\"font-weight: 400;\"> specjali\u015bci tworz\u0105cy <\/span><b>Kurs Specjalista ds. Kadr i P\u0142ac<\/b><span style=\"font-weight: 400;\"> zadbali o to, by ka\u017cdy uczestnik zdoby\u0142 niezb\u0119dn\u0105 do podj\u0119cia pracy wiedz\u0119 i umiej\u0119tno\u015bci. Warto doda\u0107, \u017ce szkolenia online honorowane s\u0105 w ten sam spos\u00f3b co stacjonarne.\u00a0<\/span><\/p>\n<h2><span style=\"font-weight: 400;\">Kurs Specjalista ds. Kadr i P\u0142ac<\/span><span style=\"font-weight: 400;\">\u00a0<\/span><\/h2>\n<p><span style=\"font-weight: 400;\">Kurs <\/span><a title=\"Kurs Specjalista ds. Kadr i P\u0142ac\" href=\"https:\/\/kik.edu.pl\/kursy\/176\"><span style=\"font-weight: 400;\">Specjalista ds. Kadr i P\u0142ac<\/span><\/a><span style=\"font-weight: 400;\"> w swoim programie zawiera pi\u0119\u0107 rozbudowanych modu\u0142\u00f3w zawieraj\u0105cych najwa\u017cniejsze informacje o nast\u0119puj\u0105cej tematyce:<\/span><\/p>\n<ul>\n<li style=\"font-weight: 400;\" aria-level=\"1\"><span style=\"font-weight: 400;\">Podstawowe zagadnienia z prawa pracy.<\/span><\/li>\n<li style=\"font-weight: 400;\" aria-level=\"1\"><span style=\"font-weight: 400;\">Zatrudnianie pracownik\u00f3w i ustanie stosunku pracy.<\/span><\/li>\n<li style=\"font-weight: 400;\" aria-level=\"1\"><span style=\"font-weight: 400;\">Urlopy i czas pracy.<\/span><\/li>\n<li style=\"font-weight: 400;\" aria-level=\"1\"><span style=\"font-weight: 400;\">Wyp\u0142acanie wynagrodzenia za prac\u0119.<\/span><\/li>\n<li style=\"font-weight: 400;\" aria-level=\"1\"><span style=\"font-weight: 400;\">Obs\u0142uga programu kadrowo-p\u0142acowego.<\/span><\/li>\n<\/ul>\n<p><span style=\"font-weight: 400;\">W trosce o aktualno\u015b\u0107 przekazywanej wiedzy przysz\u0142emu specjali\u015bcie ds. kadr i p\u0142ac kurs ten jest stale aktualizowany w zakresie wszelkich zmian i nowelizacji w przepisach wprowadzanych w zwi\u0105zku z Polskim \u0141adem.<\/span><\/p>\n<p><span style=\"font-weight: 400;\">Po zako\u0144czonym kursie absolwent otrzymuje: <\/span><b>certyfikat uko\u0144czenia kszta\u0142cenia, dyplom i tytu\u0142 specjalisty ds. kadr i p\u0142ac<\/b><span style=\"font-weight: 400;\">. Dzi\u0119ki temu zdob\u0119dzie kompetencje potrzebne do podj\u0119cia pracy na tym stanowisku.\u00a0<\/span><\/p>\n","protected":false},"excerpt":{"rendered":"<p>Rynek pracy od zawsze uzale\u017cniony jest od sytuacji gospodarczej kraju, a tak\u017ce zapotrzebowania spo\u0142ecze\u0144stwa na konkretne dobra czy us\u0142ugi. Przede wszystkim znaczenie maj\u0105 wydarzenia, kt\u00f3re wp\u0142ywaj\u0105 na rynek globalny. Tak te\u017c jest w przypadku specjalist\u00f3w ds. kadr i p\u0142ac, kt\u00f3rych zapotrzebowanie w ostatnich latach dynamicznie wzros\u0142o. Praca w tym zawodzie wi\u0105\u017ce si\u0119 z wysok\u0105 odpowiedzialno\u015bci\u0105. [&hellip;]<\/p>\n","protected":false},"author":8,"featured_media":2182,"comment_status":"closed","ping_status":"closed","sticky":false,"template":"","format":"standard","meta":{"footnotes":""},"categories":[3370],"tags":[],"class_list":["post-2174","post","type-post","status-publish","format-standard","has-post-thumbnail","hentry","category-kadry-i-place"],"aioseo_notices":[],"_links":{"self":[{"href":"https:\/\/kik.edu.pl\/aktualnosci\/wp-json\/wp\/v2\/posts\/2174","targetHints":{"allow":["GET"]}}],"collection":[{"href":"https:\/\/kik.edu.pl\/aktualnosci\/wp-json\/wp\/v2\/posts"}],"about":[{"href":"https:\/\/kik.edu.pl\/aktualnosci\/wp-json\/wp\/v2\/types\/post"}],"author":[{"embeddable":true,"href":"https:\/\/kik.edu.pl\/aktualnosci\/wp-json\/wp\/v2\/users\/8"}],"replies":[{"embeddable":true,"href":"https:\/\/kik.edu.pl\/aktualnosci\/wp-json\/wp\/v2\/comments?post=2174"}],"version-history":[{"count":2,"href":"https:\/\/kik.edu.pl\/aktualnosci\/wp-json\/wp\/v2\/posts\/2174\/revisions"}],"predecessor-version":[{"id":2298,"href":"https:\/\/kik.edu.pl\/aktualnosci\/wp-json\/wp\/v2\/posts\/2174\/revisions\/2298"}],"wp:featuredmedia":[{"embeddable":true,"href":"https:\/\/kik.edu.pl\/aktualnosci\/wp-json\/wp\/v2\/media\/2182"}],"wp:attachment":[{"href":"https:\/\/kik.edu.pl\/aktualnosci\/wp-json\/wp\/v2\/media?parent=2174"}],"wp:term":[{"taxonomy":"category","embeddable":true,"href":"https:\/\/kik.edu.pl\/aktualnosci\/wp-json\/wp\/v2\/categories?post=2174"},{"taxonomy":"post_tag","embeddable":true,"href":"https:\/\/kik.edu.pl\/aktualnosci\/wp-json\/wp\/v2\/tags?post=2174"}],"curies":[{"name":"wp","href":"https:\/\/api.w.org\/{rel}","templated":true}]}}